{"id":972,"date":"2011-07-07T07:52:00","date_gmt":"2011-07-07T07:52:00","guid":{"rendered":"http:\/\/hamilton.global\/index.php\/2011\/07\/07\/segmentacion-emocional-ii-nos-hemos-vuelto-locos\/"},"modified":"2025-12-02T09:50:38","modified_gmt":"2025-12-02T09:50:38","slug":"segmentacion-emocional-ii-nos-hemos-vuelto-locos","status":"publish","type":"post","link":"https:\/\/hamilton.global\/ca\/segmentacion-emocional-ii-nos-hemos-vuelto-locos\/","title":{"rendered":"Segmentaci\u00f3 Emocional II: Ens hem tornat bojos?"},"content":{"rendered":"<p><!--[if gte mso 9]><xml>  <w:worddocument>   <w:view>Normal<\/w:View>   <w:zoom>0<\/w:Zoom>   <w:hyphenationzone>21<\/w:HyphenationZone>   <w:punctuationkerning\/>   <w:validateagainstschemas\/>   <w:saveifxmlinval>false<\/w:SaveIfXMLInvalid>   <w:ignoremixedcontent>false<\/w:IgnoreMixedContent>   <w:alwaysshowplaceholdertext>false<\/w:AlwaysShowPlaceholderText>   <w:compatibility>    <w:breakwrappedtables\/>    <w:snaptogridincell\/>    <w:wraptextwithpunct\/>    <w:useasianbreakrules\/>    <w:dontgrowautofit\/>   <\/w:Compatibility>   <w:browserlevel>MicrosoftInternetExplorer4<\/w:BrowserLevel>  <\/w:WordDocument> <\/xml><![endif]--><!--[if gte mso 9]><xml>  <w:latentstyles deflockedstate=\"false\" latentstylecount=\"156\">  <\/w:LatentStyles> <\/xml><![endif]--><!--[if gte mso 10]>  <![endif]-->  <\/p>\n<p  style=\"text-align: justify; font-weight: bold; font-family: arial;font-family:arial;\"><span style=\"font-size:100%;\">Un consumidor que reclama llibertat i parlant de ponts de relaci\u00f3 emocionals. Aquelles marques que no comprenguin la llibertat des de la individualitat d&#039;acci\u00f3 del consumidor i no siguin capaces d&#039;acostar-se d&#039;una manera emp\u00e0tica, no sobreviuran en els propers 10 anys.<\/span><\/p>\n<p style=\"text-align: justify; font-weight: bold; font-family: arial;\"><!--[if gte mso 9]><xml>  <w:worddocument>   <w:view>Normal<\/w:View>   <w:zoom>0<\/w:Zoom>   <w:hyphenationzone>21<\/w:HyphenationZone>   <w:punctuationkerning\/>   <w:validateagainstschemas\/>   <w:saveifxmlinval>false<\/w:SaveIfXMLInvalid>   <w:ignoremixedcontent>false<\/w:IgnoreMixedContent>   <w:alwaysshowplaceholdertext>false<\/w:AlwaysShowPlaceholderText>   <w:compatibility>    <w:breakwrappedtables\/>    <w:snaptogridincell\/>    <w:wraptextwithpunct\/>    <w:useasianbreakrules\/>    <w:dontgrowautofit\/>   <\/w:Compatibility>   <w:browserlevel>MicrosoftInternetExplorer4<\/w:BrowserLevel>  <\/w:WordDocument> <\/xml><![endif]--><!--[if gte mso 9]><xml>  <w:latentstyles deflockedstate=\"false\" latentstylecount=\"156\">  <\/w:LatentStyles> <\/xml><![endif]--><!--[if gte mso 10]>  <![endif]-->  <\/p>\n<p  style=\"text-align: justify;font-family:arial;\"><span style=\"font-size:100%;\">Quan comentava al meu anterior article <span style=\"\">aspectes relacionats sobre la base que tot \u00e9s flexible, tot \u00e9s m\u00f2bil, tot \u00e9s din\u00e0mic, etc. s&#039;aprecia un valor final d&#039;estat desitjable (Rockeach) per sobre de tots, que \u00e9s la \u201cLlibertat\u201d.<\/span><\/span><\/p>\n<p  style=\"text-align: justify;font-family:arial;\"><span style=\"font-size:100%;\"><span style=\"\">En la meva opini\u00f3, aquesta \u00e9s la base de contrast i d&#039;equilibri que ens ha de fer derivar en la dificultat creixent de connexi\u00f3 entre marques i consumidors.<\/span><\/span><\/p>\n<p  style=\"text-align: justify;font-family:arial;\"><span style=\"font-size:100%;\"><span style=\"\">Assistim a una \u00e8poca complexa en el desenvolupament de la comunicaci\u00f3 amb els consumidors amb una certa paradoxa.<\/span><\/span><\/p>\n<p  style=\"text-align: justify;font-family:arial;\"><span style=\"font-size:100%;\"><span style=\"\">Un consumidor que reclama llibertat d&#039;elecci\u00f3, emancipaci\u00f3 dels missatges publicitaris, individualitat d&#039;opini\u00f3 per\u00f2 que per altra banda reclama les seves dosis de protagonisme i d&#039;element diferenciable, ja sigui a trav\u00e9s de les xarxes socials, les comunitats, les tribus, \u201cfans de \u2026.\u201d, el ve\u00efnat o qualsevol element de sociabilitat.<\/span><\/span><\/p>\n<p  style=\"text-align: justify;font-family:arial;\"><span style=\"font-size:100%;\"><span style=\"\">\u00c9s a dir, d&#039;una banda, ens veiem obligats a analitzar les marques des de la capacitat individual d&#039;elecci\u00f3, per\u00f2 per altra banda hem de tenir en compte la cultura socialitzadora que hi envolta.<\/span><\/span><\/p>\n<p  style=\"text-align: justify;font-family:arial;\"><span style=\"font-size:100%;\"><span style=\"\">No \u00e9s res de nou ja que aix\u00f2 \u00e9s el que sost\u00e9, ni m\u00e9s ni menys a les relacions sentimentals, l&#039;equilibri entre la llibertat amb un espai vital propi i el comprom\u00eds i la fidelitat a una parella.<\/span><\/span><\/p>\n<p  style=\"text-align: justify;font-family:arial;\"><span style=\"font-size:100%;\"><span style=\"\">Hi afegirem una mica m\u00e9s de llenya al foc, sabeu que en un estudi sociol\u00f2gic del 2009 m\u00e9s d&#039;un 30% dels joves adolescents deien tenir l&#039;esperan\u00e7a de ser famosos algun dia? Ser fam\u00f3s implica la p\u00e8rdua en molts casos de llibertat individual a canvi d&#039;uns honoraris importants. Un exercici interessant seria desxifrar la corba de demanda de l?adolescent aspirant a fam\u00f3s i veure el punt d?inflexi\u00f3 pel qual val la pena o no.<\/span><\/span><\/p>\n<p  style=\"text-align: justify;font-family:arial;\"><span style=\"font-size:100%;\"><span style=\"\">On \u00e9s l&#039;equilibri? En saber analitzar d&#039;una forma metodol\u00f2gica fiable els aspectes pel que es mou el cam\u00ed entre la llibertat de consum i la relaci\u00f3 amb la marca, cosa que Jacques Rousseau descrivia com \u201cs&#039;ha d&#039;obligar les persones a ser lliures\u201d.<\/span><\/span><\/p>\n<p  style=\"text-align: justify;font-family:arial;\"><span style=\"font-size:100%;\"><span style=\"\">Qu\u00e8 hem de fer com a marques, empreses o organitzacions?<\/span><\/span><\/p>\n<p  style=\"text-align: justify;font-family:arial;\"><span style=\"font-size:100%;\"><span style=\"\">El comprom\u00eds amb els consumidors des de l&#039;\u00f2ptica d&#039;una marca ha de ser aportar valors que circulin al voltant d&#039;aquesta llibertat d&#039;actuaci\u00f3 del consumidor per\u00f2 acompanyant-lo en el proc\u00e9s d&#039;elecci\u00f3. Escoltar, assessorar i entendre les necessitats, per\u00f2 no molestar.<\/span><\/span><\/p>\n<p  style=\"text-align: justify;font-family:arial;\"><span style=\"font-size:100%;\"><span style=\"\">Les marques que aconsegueixin obtenir un punt de di\u00e0leg emocional sincer amb els seus clients actuals i potencials seran aquelles que m\u00e9s creixin en el seu futur.<\/span><\/span><\/p>\n<p  style=\"text-align: justify;font-family:arial;\"><span style=\"font-size:100%;\"><span style=\"\">Com diu Sebasti\u00e1n Fern\u00e1ndez de Lara, \u00e9s fonamental el desenvolupament de la humanitzaci\u00f3 de la marca, de convertir-la en una marca emp\u00e0tica, propera, no tan sols a nivell de producte o comunicaci\u00f3 sin\u00f3 tamb\u00e9 a nivell organitzatiu.<\/span><\/span><\/p>\n<p  style=\"text-align: justify;font-family:arial;\"><span style=\"font-size:100%;\"><span style=\"\">Per aconseguir el prop\u00f2sit d&#039;unir llibertat individual amb el di\u00e0leg amb les marques hem de marcar una s\u00e8rie d&#039;eixos d&#039;an\u00e0lisi:<\/span><\/span><\/p>\n<p face=\"arial\" style=\"text-align: justify;\"><!--[if gte mso 9]><xml>  <w:worddocument>   <w:view>Normal<\/w:View>   <w:zoom>0<\/w:Zoom>   <w:hyphenationzone>21<\/w:HyphenationZone>   <w:punctuationkerning\/>   <w:validateagainstschemas\/>   <w:saveifxmlinval>false<\/w:SaveIfXMLInvalid>   <w:ignoremixedcontent>false<\/w:IgnoreMixedContent>   <w:alwaysshowplaceholdertext>false<\/w:AlwaysShowPlaceholderText>   <w:compatibility>    <w:breakwrappedtables\/>    <w:snaptogridincell\/>    <w:wraptextwithpunct\/>    <w:useasianbreakrules\/>    <w:dontgrowautofit\/>   <\/w:Compatibility>   <w:browserlevel>MicrosoftInternetExplorer4<\/w:BrowserLevel>  <\/w:WordDocument> <\/xml><![endif]--><!--[if gte mso 9]><xml>  <w:latentstyles deflockedstate=\"false\" latentstylecount=\"156\">  <\/w:LatentStyles> <\/xml><![endif]--><!--[if gte mso 10]>  <![endif]-->  <\/p>\n<ol  style=\"margin-top: 0cm;font-family:arial;\" start=\"1\" type=\"1\">\n<li style=\"text-align: justify;\"><span style=\"font-size:100%;\"><span style=\"\">Quins s\u00f3n els valors darrers pels quals es mou una marca,<span style=\"\">       <\/span>un proc\u00e9s de Laddering ens pot ajudar a comprendre l&#039;evoluci\u00f3 des dels atributs o les caracter\u00edstiques d&#039;una marca fins a la definici\u00f3 de valors \u00faltims (ACV Model, Atributs-Conseq\u00fc\u00e8ncia-Valors).<\/span><\/span><\/li>\n<li style=\"text-align: justify;\"><span style=\"font-size:100%;\"><span style=\"\">Aplicar el Storytelling de manera que la nostra marca s\u00e0piga capa\u00e7 de transmetre una hist\u00f2ria als seus consumidors, sabem com va dir Simon Levy que el \u201cm\u00e0rqueting consisteix a comprar i vendre hist\u00f2ries\u201d.<\/span><\/span><\/li>\n<li style=\"text-align: justify;\"><span style=\"font-size:100%;\"><span style=\"\">Definir tots els passos del proc\u00e9s de compra i all\u00f2 que \u00e9s m\u00e9s important, comprendre l&#039;ess\u00e8ncia del Shopping Experience, quines s\u00f3n les palanques emocionals que fan que el prop\u00f2sit d&#039;elecci\u00f3 de compra d&#039;un producte o servei sigui satisfactori? Aqu\u00ed \u00e9s on conceptes com el Neurom\u00e0rqueting, Eye-Tracking, Heat Maps i altres components d&#039;an\u00e0lisi del POS (Point of Sale) ens han d&#039;aportar informaci\u00f3 sobre l&#039;experi\u00e8ncia de compra.<\/span><\/span><\/li>\n<li style=\"text-align: justify;\"><span style=\"font-size:100%;\"><span style=\"\">Definir el comportament observacional a trav\u00e9s de l&#039;etnografia, sortim al carrer a fullejar i xafardejar com es comporta el consumidor.<\/span><\/span><\/li>\n<li style=\"text-align: justify;\"><span style=\"font-size:100%;\"><span style=\"\">Apliquem an\u00e0lisis \u201csocial mitjana\u201d per comprendre que diuen de nosaltres a la xarxa, que ens servir\u00e0 per afinar els punts de contacte.<\/span><\/span><\/li>\n<\/ol>\n<p  style=\"text-align: justify; font-family: arial;font-family:arial;\"><span style=\"font-size:100%;\"><span style=\"\">I com a cirereta al past\u00eds, obtenir una Segmentaci\u00f3 Emocional que aconsegueixi comprendre des d&#039;una \u00f2ptica estrat\u00e8gica la relaci\u00f3 entre l&#039;estil de vida i actitud de les persones davant l&#039;\u00fas i el gaudi dels productes o serveis de la categoria que analitzem. No ens val \u00fanicament amb entendre l&#039;estil de vida o l&#039;actitud, aquest ha estat l&#039;error m\u00e9s com\u00fa com\u00e8s per moltes empreses de recerca on prediuen segmentacions molt atractives per\u00f2 poc pr\u00e0ctiques en termes de m\u00e0rqueting i negoci ja que no les vinculen amb el comportament propi de la categoria analitzada.<\/span><\/span><\/p>\n<p style=\"text-align: justify; font-family: arial;\"><span style=\"font-size:100%;\"><span style=\"\">Les relacions han canviat, el joc ha canviat, cal adaptar-se a una nova manera d&#039;entendre el consumidor i les marques. Ja no val crear productes o serveis sense analitzar els valors finals del consumidor o sense entendre a nivell observacional qu\u00e8 \u00e9s el que succeeix en el proc\u00e9s,<span style=\"\">  <\/span>elecci\u00f3 o experi\u00e8ncia<span style=\"\">  <\/span>de compra.<\/span><\/span><\/p>\n<p>    <span style=\";font-family:arial;font-size:100%;\"  >La recerca de mercats hi ha d&#039;ajudar amb noves metodologies innovadores i de rigor. Play again?<\/p>\n<p><\/span><span style=\";font-family:arial;font-size:100%;\"  >Jordi Crespo<br \/>Soci Director Hamilton<\/span><\/p>\n<span class=\"et_bloom_bottom_trigger\"><\/span>","protected":false},"excerpt":{"rendered":"<p>Un consumidor que reclama llibertat i parlant de ponts de relaci\u00f3 emocionals. Aquelles marques que no comprenguin la llibertat des de la individualitat d&#039;acci\u00f3 del consumidor i no siguin capaces d&#039;acostar-se d&#039;una manera emp\u00e0tica, no sobreviuran en els propers 10 anys. Quan comentava al meu anterior article aspectes relacionats sobre [\u2026 ]<\/p>","protected":false},"author":2,"featured_media":0,"comment_status":"closed","ping_status":"closed","sticky":false,"template":"","format":"standard","meta":{"_et_pb_use_builder":"","_et_pb_old_content":"","_et_gb_content_width":""},"categories":[1],"tags":[],"yoast_head":"<!-- This site is optimized with the Yoast SEO plugin v21.5 - https:\/\/yoast.com\/wordpress\/plugins\/seo\/ -->\n<title>Segmentaci\u00f3n Emocional II: \u00bfNos hemos vuelto locos? -<\/title>\n<meta name=\"robots\" content=\"index, follow, max-snippet:-1, max-image-preview:large, max-video-preview:-1\" \/>\n<link rel=\"canonical\" href=\"https:\/\/hamilton.global\/ca\/segmentacion-emocional-ii-nos-hemos-vuelto-locos\/\" \/>\n<meta property=\"og:locale\" content=\"ca_ES\" \/>\n<meta property=\"og:type\" content=\"article\" \/>\n<meta property=\"og:title\" content=\"Segmentaci\u00f3n Emocional II: \u00bfNos hemos vuelto locos? -\" \/>\n<meta property=\"og:description\" content=\"Un consumidor que reclama libertad y nosotros hablando de puentes de relaci\u00f3n emocionales. Aquellas marcas que no comprendan la libertad desde la individualidad de acci\u00f3n del consumidor y no sean capaces de acercarse de un modo emp\u00e1tico al mismo no sobrevivir\u00e1n en los pr\u00f3ximos 10 a\u00f1os. Cuando comentaba en mi anterior art\u00edculo aspectos relacionados sobre [&hellip;]\" \/>\n<meta property=\"og:url\" content=\"https:\/\/hamilton.global\/ca\/segmentacion-emocional-ii-nos-hemos-vuelto-locos\/\" \/>\n<meta property=\"og:site_name\" content=\"Hamilton\" \/>\n<meta property=\"article:published_time\" content=\"2011-07-07T07:52:00+00:00\" \/>\n<meta property=\"article:modified_time\" content=\"2025-12-02T09:50:38+00:00\" \/>\n<meta name=\"author\" content=\"Jorge Teixeira\" \/>\n<meta name=\"twitter:card\" content=\"summary_large_image\" \/>\n<meta name=\"twitter:label1\" content=\"Escrit per\" \/>\n\t<meta name=\"twitter:data1\" content=\"Jorge Teixeira\" \/>\n\t<meta name=\"twitter:label2\" content=\"Temps estimat de lectura\" \/>\n\t<meta name=\"twitter:data2\" content=\"5 minuts\" \/>\n<script type=\"application\/ld+json\" class=\"yoast-schema-graph\">{\"@context\":\"https:\/\/schema.org\",\"@graph\":[{\"@type\":\"WebPage\",\"@id\":\"https:\/\/hamilton.global\/segmentacion-emocional-ii-nos-hemos-vuelto-locos\/\",\"url\":\"https:\/\/hamilton.global\/segmentacion-emocional-ii-nos-hemos-vuelto-locos\/\",\"name\":\"Segmentaci\u00f3n Emocional II: \u00bfNos hemos vuelto locos? -\",\"isPartOf\":{\"@id\":\"https:\/\/hamilton.global\/#website\"},\"datePublished\":\"2011-07-07T07:52:00+00:00\",\"dateModified\":\"2025-12-02T09:50:38+00:00\",\"author\":{\"@id\":\"https:\/\/hamilton.global\/#\/schema\/person\/69321faffe1268f4146b04146cef3a28\"},\"breadcrumb\":{\"@id\":\"https:\/\/hamilton.global\/segmentacion-emocional-ii-nos-hemos-vuelto-locos\/#breadcrumb\"},\"inLanguage\":\"ca\",\"potentialAction\":[{\"@type\":\"ReadAction\",\"target\":[\"https:\/\/hamilton.global\/segmentacion-emocional-ii-nos-hemos-vuelto-locos\/\"]}]},{\"@type\":\"BreadcrumbList\",\"@id\":\"https:\/\/hamilton.global\/segmentacion-emocional-ii-nos-hemos-vuelto-locos\/#breadcrumb\",\"itemListElement\":[{\"@type\":\"ListItem\",\"position\":1,\"name\":\"Home\",\"item\":\"https:\/\/hamilton.global\/\"},{\"@type\":\"ListItem\",\"position\":2,\"name\":\"Segmentaci\u00f3n Emocional II: \u00bfNos hemos vuelto locos?\"}]},{\"@type\":\"WebSite\",\"@id\":\"https:\/\/hamilton.global\/#website\",\"url\":\"https:\/\/hamilton.global\/\",\"name\":\"Hamilton Global\",\"description\":\"Market Intelligence Consulting Company\",\"potentialAction\":[{\"@type\":\"SearchAction\",\"target\":{\"@type\":\"EntryPoint\",\"urlTemplate\":\"https:\/\/hamilton.global\/?s={search_term_string}\"},\"query-input\":\"required name=search_term_string\"}],\"inLanguage\":\"ca\"},{\"@type\":\"Person\",\"@id\":\"https:\/\/hamilton.global\/#\/schema\/person\/69321faffe1268f4146b04146cef3a28\",\"name\":\"Jorge Teixeira\",\"url\":\"https:\/\/hamilton.global\/ca\/author\/jorge\/\"}]}<\/script>\n<!-- \/ Yoast SEO plugin. -->","yoast_head_json":{"title":"Segmentaci\u00f3n Emocional II: \u00bfNos hemos vuelto locos? -","robots":{"index":"index","follow":"follow","max-snippet":"max-snippet:-1","max-image-preview":"max-image-preview:large","max-video-preview":"max-video-preview:-1"},"canonical":"https:\/\/hamilton.global\/ca\/segmentacion-emocional-ii-nos-hemos-vuelto-locos\/","og_locale":"ca_ES","og_type":"article","og_title":"Segmentaci\u00f3n Emocional II: \u00bfNos hemos vuelto locos? -","og_description":"Un consumidor que reclama libertad y nosotros hablando de puentes de relaci\u00f3n emocionales. Aquellas marcas que no comprendan la libertad desde la individualidad de acci\u00f3n del consumidor y no sean capaces de acercarse de un modo emp\u00e1tico al mismo no sobrevivir\u00e1n en los pr\u00f3ximos 10 a\u00f1os. Cuando comentaba en mi anterior art\u00edculo aspectos relacionados sobre [&hellip;]","og_url":"https:\/\/hamilton.global\/ca\/segmentacion-emocional-ii-nos-hemos-vuelto-locos\/","og_site_name":"Hamilton","article_published_time":"2011-07-07T07:52:00+00:00","article_modified_time":"2025-12-02T09:50:38+00:00","author":"Jorge Teixeira","twitter_card":"summary_large_image","twitter_misc":{"Escrit per":"Jorge Teixeira","Temps estimat de lectura":"5 minuts"},"schema":{"@context":"https:\/\/schema.org","@graph":[{"@type":"WebPage","@id":"https:\/\/hamilton.global\/segmentacion-emocional-ii-nos-hemos-vuelto-locos\/","url":"https:\/\/hamilton.global\/segmentacion-emocional-ii-nos-hemos-vuelto-locos\/","name":"Segmentaci\u00f3n Emocional II: \u00bfNos hemos vuelto locos? -","isPartOf":{"@id":"https:\/\/hamilton.global\/#website"},"datePublished":"2011-07-07T07:52:00+00:00","dateModified":"2025-12-02T09:50:38+00:00","author":{"@id":"https:\/\/hamilton.global\/#\/schema\/person\/69321faffe1268f4146b04146cef3a28"},"breadcrumb":{"@id":"https:\/\/hamilton.global\/segmentacion-emocional-ii-nos-hemos-vuelto-locos\/#breadcrumb"},"inLanguage":"ca","potentialAction":[{"@type":"ReadAction","target":["https:\/\/hamilton.global\/segmentacion-emocional-ii-nos-hemos-vuelto-locos\/"]}]},{"@type":"BreadcrumbList","@id":"https:\/\/hamilton.global\/segmentacion-emocional-ii-nos-hemos-vuelto-locos\/#breadcrumb","itemListElement":[{"@type":"ListItem","position":1,"name":"Home","item":"https:\/\/hamilton.global\/"},{"@type":"ListItem","position":2,"name":"Segmentaci\u00f3n Emocional II: \u00bfNos hemos vuelto locos?"}]},{"@type":"WebSite","@id":"https:\/\/hamilton.global\/#website","url":"https:\/\/hamilton.global\/","name":"Hamilton Global","description":"Market Intelligence Consulting Company","potentialAction":[{"@type":"SearchAction","target":{"@type":"EntryPoint","urlTemplate":"https:\/\/hamilton.global\/?s={search_term_string}"},"query-input":"required name=search_term_string"}],"inLanguage":"ca"},{"@type":"Person","@id":"https:\/\/hamilton.global\/#\/schema\/person\/69321faffe1268f4146b04146cef3a28","name":"Jorge Teixeira","url":"https:\/\/hamilton.global\/ca\/author\/jorge\/"}]}},"_links":{"self":[{"href":"https:\/\/hamilton.global\/ca\/wp-json\/wp\/v2\/posts\/972"}],"collection":[{"href":"https:\/\/hamilton.global\/ca\/wp-json\/wp\/v2\/posts"}],"about":[{"href":"https:\/\/hamilton.global\/ca\/wp-json\/wp\/v2\/types\/post"}],"author":[{"embeddable":true,"href":"https:\/\/hamilton.global\/ca\/wp-json\/wp\/v2\/users\/2"}],"replies":[{"embeddable":true,"href":"https:\/\/hamilton.global\/ca\/wp-json\/wp\/v2\/comments?post=972"}],"version-history":[{"count":1,"href":"https:\/\/hamilton.global\/ca\/wp-json\/wp\/v2\/posts\/972\/revisions"}],"predecessor-version":[{"id":5484,"href":"https:\/\/hamilton.global\/ca\/wp-json\/wp\/v2\/posts\/972\/revisions\/5484"}],"wp:attachment":[{"href":"https:\/\/hamilton.global\/ca\/wp-json\/wp\/v2\/media?parent=972"}],"wp:term":[{"taxonomy":"category","embeddable":true,"href":"https:\/\/hamilton.global\/ca\/wp-json\/wp\/v2\/categories?post=972"},{"taxonomy":"post_tag","embeddable":true,"href":"https:\/\/hamilton.global\/ca\/wp-json\/wp\/v2\/tags?post=972"}],"curies":[{"name":"wp","href":"https:\/\/api.w.org\/{rel}","templated":true}]}}